{"id":3235,"date":"2016-06-21T12:44:36","date_gmt":"2016-06-21T10:44:36","guid":{"rendered":"https:\/\/www.bdl-ip.com\/\/?p=3235"},"modified":"2020-03-26T12:45:48","modified_gmt":"2020-03-26T11:45:48","slug":"june-22-25-2016-cabinet-beau-de-lomenie-attending-the-2016-ecta-35th-annual-conference","status":"publish","type":"post","link":"https:\/\/www.bdl-ip.com\/en\/june-22-25-2016-cabinet-beau-de-lomenie-attending-the-2016-ecta-35th-annual-conference\/","title":{"rendered":"June 22-25, 2016 > Cabinet Beau de Lom\u00e9nie attending the 2016 ECTA 35th annual conference"},"content":{"rendered":"<p><a href=\"https:\/\/www.bdl-ip.com\/\/en\/expert\/aurelia-marie\/\">Aur\u00e9lia MARIE<\/a> and <a href=\"https:\/\/www.bdl-ip.com\/\/en\/expert\/gregory-ingrand\/\">Gr\u00e9gory INGRAND<\/a> will represent Cabinet Beau de Lom\u00e9nie at the 35th annual conference of the <a class=\"icone url\" href=\"http:\/\/www.ecta.org\/\" target=\"_blank\" rel=\"noopener noreferrer\">ECTA<\/a> (<em>European Communities Trade Mark Association<\/em>), taking place in Dubrovnik, Croatia, from the 22nd to the 25th of June, 2016.<\/p>\n<p>More information: <a class=\"icone url\" href=\"http:\/\/conference.ecta.org\/\" target=\"_blank\" rel=\"noopener noreferrer\">programme<\/a>.<\/p>\n","protected":false},"excerpt":{"rendered":"<p>Aur\u00e9lia MARIE and Gr\u00e9gory INGRAND will represent Cabinet Beau de Lom\u00e9nie at the 35th annual conference of the ECTA (European Communities Trade Mark Association), taking place in Dubrovnik, Croatia, from the 22nd to the 25th of June, 2016. More information: programme.<\/p>\n","protected":false},"author":1,"featured_media":0,"comment_status":"open","ping_status":"open","sticky":false,"template":"","format":"standard","meta":{"_acf_changed":false,"footnotes":""},"categories":[213],"tags":[],"class_list":["post-3235","post","type-post","status-publish","format-standard","hentry","category-events"],"acf":[],"yoast_head":"<!-- This site is optimized with the Yoast SEO plugin v27.3 - https:\/\/yoast.com\/product\/yoast-seo-wordpress\/ -->\n<title>June 22-25, 2016 &gt; Cabinet Beau de Lom\u00e9nie attending the 2016 ECTA 35th annual conference - BDL<\/title>\n<meta name=\"robots\" content=\"index, follow, max-snippet:-1, max-image-preview:large, max-video-preview:-1\" \/>\n<link rel=\"canonical\" href=\"https:\/\/www.bdl-ip.com\/en\/june-22-25-2016-cabinet-beau-de-lomenie-attending-the-2016-ecta-35th-annual-conference\/\" \/>\n<meta property=\"og:locale\" content=\"en_US\" \/>\n<meta property=\"og:type\" content=\"article\" \/>\n<meta property=\"og:title\" content=\"June 22-25, 2016 &gt; Cabinet Beau de Lom\u00e9nie attending the 2016 ECTA 35th annual conference - BDL\" \/>\n<meta property=\"og:description\" content=\"Aur\u00e9lia MARIE and Gr\u00e9gory INGRAND will represent Cabinet Beau de Lom\u00e9nie at the 35th annual conference of the ECTA (European Communities Trade Mark Association), taking place in Dubrovnik, Croatia, from the 22nd to the 25th of June, 2016. More information: programme.\" \/>\n<meta property=\"og:url\" content=\"https:\/\/www.bdl-ip.com\/en\/june-22-25-2016-cabinet-beau-de-lomenie-attending-the-2016-ecta-35th-annual-conference\/\" \/>\n<meta property=\"og:site_name\" content=\"BDL\" \/>\n<meta property=\"article:published_time\" content=\"2016-06-21T10:44:36+00:00\" \/>\n<meta property=\"article:modified_time\" content=\"2020-03-26T11:45:48+00:00\" \/>\n<meta property=\"og:image\" content=\"https:\/\/www.bdl-ip.com\/wp-content\/uploads\/2019\/10\/bg-hero10.jpg\" \/>\n\t<meta property=\"og:image:width\" content=\"1366\" \/>\n\t<meta property=\"og:image:height\" content=\"480\" \/>\n\t<meta property=\"og:image:type\" content=\"image\/jpeg\" \/>\n<meta name=\"author\" content=\"adm-bdl\" \/>\n<meta name=\"twitter:card\" content=\"summary_large_image\" \/>\n<meta name=\"twitter:label1\" content=\"Written by\" \/>\n\t<meta name=\"twitter:data1\" content=\"adm-bdl\" \/>\n<script type=\"application\/ld+json\" class=\"yoast-schema-graph\">{\"@context\":\"https:\\\/\\\/schema.org\",\"@graph\":[{\"@type\":\"Article\",\"@id\":\"https:\\\/\\\/www.bdl-ip.com\\\/en\\\/june-22-25-2016-cabinet-beau-de-lomenie-attending-the-2016-ecta-35th-annual-conference\\\/#article\",\"isPartOf\":{\"@id\":\"https:\\\/\\\/www.bdl-ip.com\\\/en\\\/june-22-25-2016-cabinet-beau-de-lomenie-attending-the-2016-ecta-35th-annual-conference\\\/\"},\"author\":{\"name\":\"adm-bdl\",\"@id\":\"https:\\\/\\\/www.bdl-ip.com\\\/en\\\/#\\\/schema\\\/person\\\/49791463b136dcd0ba2792015bd1d159\"},\"headline\":\"June 22-25, 2016 > Cabinet Beau de Lom\u00e9nie attending the 2016 ECTA 35th annual conference\",\"datePublished\":\"2016-06-21T10:44:36+00:00\",\"dateModified\":\"2020-03-26T11:45:48+00:00\",\"mainEntityOfPage\":{\"@id\":\"https:\\\/\\\/www.bdl-ip.com\\\/en\\\/june-22-25-2016-cabinet-beau-de-lomenie-attending-the-2016-ecta-35th-annual-conference\\\/\"},\"wordCount\":56,\"commentCount\":0,\"articleSection\":[\"EVENTS\"],\"inLanguage\":\"en-US\",\"potentialAction\":[{\"@type\":\"CommentAction\",\"name\":\"Comment\",\"target\":[\"https:\\\/\\\/www.bdl-ip.com\\\/en\\\/june-22-25-2016-cabinet-beau-de-lomenie-attending-the-2016-ecta-35th-annual-conference\\\/#respond\"]}]},{\"@type\":\"WebPage\",\"@id\":\"https:\\\/\\\/www.bdl-ip.com\\\/en\\\/june-22-25-2016-cabinet-beau-de-lomenie-attending-the-2016-ecta-35th-annual-conference\\\/\",\"url\":\"https:\\\/\\\/www.bdl-ip.com\\\/en\\\/june-22-25-2016-cabinet-beau-de-lomenie-attending-the-2016-ecta-35th-annual-conference\\\/\",\"name\":\"June 22-25, 2016 > Cabinet Beau de Lom\u00e9nie attending the 2016 ECTA 35th annual conference - BDL\",\"isPartOf\":{\"@id\":\"https:\\\/\\\/www.bdl-ip.com\\\/en\\\/#website\"},\"datePublished\":\"2016-06-21T10:44:36+00:00\",\"dateModified\":\"2020-03-26T11:45:48+00:00\",\"author\":{\"@id\":\"https:\\\/\\\/www.bdl-ip.com\\\/en\\\/#\\\/schema\\\/person\\\/49791463b136dcd0ba2792015bd1d159\"},\"breadcrumb\":{\"@id\":\"https:\\\/\\\/www.bdl-ip.com\\\/en\\\/june-22-25-2016-cabinet-beau-de-lomenie-attending-the-2016-ecta-35th-annual-conference\\\/#breadcrumb\"},\"inLanguage\":\"en-US\",\"potentialAction\":[{\"@type\":\"ReadAction\",\"target\":[\"https:\\\/\\\/www.bdl-ip.com\\\/en\\\/june-22-25-2016-cabinet-beau-de-lomenie-attending-the-2016-ecta-35th-annual-conference\\\/\"]}]},{\"@type\":\"BreadcrumbList\",\"@id\":\"https:\\\/\\\/www.bdl-ip.com\\\/en\\\/june-22-25-2016-cabinet-beau-de-lomenie-attending-the-2016-ecta-35th-annual-conference\\\/#breadcrumb\",\"itemListElement\":[{\"@type\":\"ListItem\",\"position\":1,\"name\":\"Home\",\"item\":\"https:\\\/\\\/www.bdl-ip.com\\\/en\\\/\"},{\"@type\":\"ListItem\",\"position\":2,\"name\":\"June 22-25, 2016 > Cabinet Beau de Lom\u00e9nie attending the 2016 ECTA 35th annual conference\"}]},{\"@type\":\"WebSite\",\"@id\":\"https:\\\/\\\/www.bdl-ip.com\\\/en\\\/#website\",\"url\":\"https:\\\/\\\/www.bdl-ip.com\\\/en\\\/\",\"name\":\"BDL\",\"description\":\"Un site utilisant WordPress\",\"potentialAction\":[{\"@type\":\"SearchAction\",\"target\":{\"@type\":\"EntryPoint\",\"urlTemplate\":\"https:\\\/\\\/www.bdl-ip.com\\\/en\\\/?s={search_term_string}\"},\"query-input\":{\"@type\":\"PropertyValueSpecification\",\"valueRequired\":true,\"valueName\":\"search_term_string\"}}],\"inLanguage\":\"en-US\"},{\"@type\":\"Person\",\"@id\":\"https:\\\/\\\/www.bdl-ip.com\\\/en\\\/#\\\/schema\\\/person\\\/49791463b136dcd0ba2792015bd1d159\",\"name\":\"adm-bdl\",\"image\":{\"@type\":\"ImageObject\",\"inLanguage\":\"en-US\",\"@id\":\"https:\\\/\\\/secure.gravatar.com\\\/avatar\\\/939382c24f608c82daf1a778542f77d26f1809bbcd119007d5cd89180d7687ce?s=96&d=mm&r=g\",\"url\":\"https:\\\/\\\/secure.gravatar.com\\\/avatar\\\/939382c24f608c82daf1a778542f77d26f1809bbcd119007d5cd89180d7687ce?s=96&d=mm&r=g\",\"contentUrl\":\"https:\\\/\\\/secure.gravatar.com\\\/avatar\\\/939382c24f608c82daf1a778542f77d26f1809bbcd119007d5cd89180d7687ce?s=96&d=mm&r=g\",\"caption\":\"adm-bdl\"},\"url\":\"https:\\\/\\\/www.bdl-ip.com\\\/en\\\/author\\\/adm-bdl\\\/\"}]}<\/script>\n<!-- \/ Yoast SEO plugin. -->","yoast_head_json":{"title":"June 22-25, 2016 > Cabinet Beau de Lom\u00e9nie attending the 2016 ECTA 35th annual conference - BDL","robots":{"index":"index","follow":"follow","max-snippet":"max-snippet:-1","max-image-preview":"max-image-preview:large","max-video-preview":"max-video-preview:-1"},"canonical":"https:\/\/www.bdl-ip.com\/en\/june-22-25-2016-cabinet-beau-de-lomenie-attending-the-2016-ecta-35th-annual-conference\/","og_locale":"en_US","og_type":"article","og_title":"June 22-25, 2016 > Cabinet Beau de Lom\u00e9nie attending the 2016 ECTA 35th annual conference - BDL","og_description":"Aur\u00e9lia MARIE and Gr\u00e9gory INGRAND will represent Cabinet Beau de Lom\u00e9nie at the 35th annual conference of the ECTA (European Communities Trade Mark Association), taking place in Dubrovnik, Croatia, from the 22nd to the 25th of June, 2016. More information: programme.","og_url":"https:\/\/www.bdl-ip.com\/en\/june-22-25-2016-cabinet-beau-de-lomenie-attending-the-2016-ecta-35th-annual-conference\/","og_site_name":"BDL","article_published_time":"2016-06-21T10:44:36+00:00","article_modified_time":"2020-03-26T11:45:48+00:00","og_image":[{"width":1366,"height":480,"url":"https:\/\/www.bdl-ip.com\/wp-content\/uploads\/2019\/10\/bg-hero10.jpg","type":"image\/jpeg"}],"author":"adm-bdl","twitter_card":"summary_large_image","twitter_misc":{"Written by":"adm-bdl"},"schema":{"@context":"https:\/\/schema.org","@graph":[{"@type":"Article","@id":"https:\/\/www.bdl-ip.com\/en\/june-22-25-2016-cabinet-beau-de-lomenie-attending-the-2016-ecta-35th-annual-conference\/#article","isPartOf":{"@id":"https:\/\/www.bdl-ip.com\/en\/june-22-25-2016-cabinet-beau-de-lomenie-attending-the-2016-ecta-35th-annual-conference\/"},"author":{"name":"adm-bdl","@id":"https:\/\/www.bdl-ip.com\/en\/#\/schema\/person\/49791463b136dcd0ba2792015bd1d159"},"headline":"June 22-25, 2016 > Cabinet Beau de Lom\u00e9nie attending the 2016 ECTA 35th annual conference","datePublished":"2016-06-21T10:44:36+00:00","dateModified":"2020-03-26T11:45:48+00:00","mainEntityOfPage":{"@id":"https:\/\/www.bdl-ip.com\/en\/june-22-25-2016-cabinet-beau-de-lomenie-attending-the-2016-ecta-35th-annual-conference\/"},"wordCount":56,"commentCount":0,"articleSection":["EVENTS"],"inLanguage":"en-US","potentialAction":[{"@type":"CommentAction","name":"Comment","target":["https:\/\/www.bdl-ip.com\/en\/june-22-25-2016-cabinet-beau-de-lomenie-attending-the-2016-ecta-35th-annual-conference\/#respond"]}]},{"@type":"WebPage","@id":"https:\/\/www.bdl-ip.com\/en\/june-22-25-2016-cabinet-beau-de-lomenie-attending-the-2016-ecta-35th-annual-conference\/","url":"https:\/\/www.bdl-ip.com\/en\/june-22-25-2016-cabinet-beau-de-lomenie-attending-the-2016-ecta-35th-annual-conference\/","name":"June 22-25, 2016 > Cabinet Beau de Lom\u00e9nie attending the 2016 ECTA 35th annual conference - BDL","isPartOf":{"@id":"https:\/\/www.bdl-ip.com\/en\/#website"},"datePublished":"2016-06-21T10:44:36+00:00","dateModified":"2020-03-26T11:45:48+00:00","author":{"@id":"https:\/\/www.bdl-ip.com\/en\/#\/schema\/person\/49791463b136dcd0ba2792015bd1d159"},"breadcrumb":{"@id":"https:\/\/www.bdl-ip.com\/en\/june-22-25-2016-cabinet-beau-de-lomenie-attending-the-2016-ecta-35th-annual-conference\/#breadcrumb"},"inLanguage":"en-US","potentialAction":[{"@type":"ReadAction","target":["https:\/\/www.bdl-ip.com\/en\/june-22-25-2016-cabinet-beau-de-lomenie-attending-the-2016-ecta-35th-annual-conference\/"]}]},{"@type":"BreadcrumbList","@id":"https:\/\/www.bdl-ip.com\/en\/june-22-25-2016-cabinet-beau-de-lomenie-attending-the-2016-ecta-35th-annual-conference\/#breadcrumb","itemListElement":[{"@type":"ListItem","position":1,"name":"Home","item":"https:\/\/www.bdl-ip.com\/en\/"},{"@type":"ListItem","position":2,"name":"June 22-25, 2016 > Cabinet Beau de Lom\u00e9nie attending the 2016 ECTA 35th annual conference"}]},{"@type":"WebSite","@id":"https:\/\/www.bdl-ip.com\/en\/#website","url":"https:\/\/www.bdl-ip.com\/en\/","name":"BDL","description":"Un site utilisant WordPress","potentialAction":[{"@type":"SearchAction","target":{"@type":"EntryPoint","urlTemplate":"https:\/\/www.bdl-ip.com\/en\/?s={search_term_string}"},"query-input":{"@type":"PropertyValueSpecification","valueRequired":true,"valueName":"search_term_string"}}],"inLanguage":"en-US"},{"@type":"Person","@id":"https:\/\/www.bdl-ip.com\/en\/#\/schema\/person\/49791463b136dcd0ba2792015bd1d159","name":"adm-bdl","image":{"@type":"ImageObject","inLanguage":"en-US","@id":"https:\/\/secure.gravatar.com\/avatar\/939382c24f608c82daf1a778542f77d26f1809bbcd119007d5cd89180d7687ce?s=96&d=mm&r=g","url":"https:\/\/secure.gravatar.com\/avatar\/939382c24f608c82daf1a778542f77d26f1809bbcd119007d5cd89180d7687ce?s=96&d=mm&r=g","contentUrl":"https:\/\/secure.gravatar.com\/avatar\/939382c24f608c82daf1a778542f77d26f1809bbcd119007d5cd89180d7687ce?s=96&d=mm&r=g","caption":"adm-bdl"},"url":"https:\/\/www.bdl-ip.com\/en\/author\/adm-bdl\/"}]}},"_links":{"self":[{"href":"https:\/\/www.bdl-ip.com\/en\/wp-json\/wp\/v2\/posts\/3235","targetHints":{"allow":["GET"]}}],"collection":[{"href":"https:\/\/www.bdl-ip.com\/en\/wp-json\/wp\/v2\/posts"}],"about":[{"href":"https:\/\/www.bdl-ip.com\/en\/wp-json\/wp\/v2\/types\/post"}],"author":[{"embeddable":true,"href":"https:\/\/www.bdl-ip.com\/en\/wp-json\/wp\/v2\/users\/1"}],"replies":[{"embeddable":true,"href":"https:\/\/www.bdl-ip.com\/en\/wp-json\/wp\/v2\/comments?post=3235"}],"version-history":[{"count":1,"href":"https:\/\/www.bdl-ip.com\/en\/wp-json\/wp\/v2\/posts\/3235\/revisions"}],"predecessor-version":[{"id":3236,"href":"https:\/\/www.bdl-ip.com\/en\/wp-json\/wp\/v2\/posts\/3235\/revisions\/3236"}],"wp:attachment":[{"href":"https:\/\/www.bdl-ip.com\/en\/wp-json\/wp\/v2\/media?parent=3235"}],"wp:term":[{"taxonomy":"category","embeddable":true,"href":"https:\/\/www.bdl-ip.com\/en\/wp-json\/wp\/v2\/categories?post=3235"},{"taxonomy":"post_tag","embeddable":true,"href":"https:\/\/www.bdl-ip.com\/en\/wp-json\/wp\/v2\/tags?post=3235"}],"curies":[{"name":"wp","href":"https:\/\/api.w.org\/{rel}","templated":true}]}}